{"id":2685,"date":"2022-03-07T13:32:42","date_gmt":"2022-03-07T11:32:42","guid":{"rendered":"https:\/\/socialinisverslas.inovacijuagentura.lt\/?p=2685"},"modified":"2022-03-07T13:47:15","modified_gmt":"2022-03-07T11:47:15","slug":"socialinio-verslo-forumas-kovo-28-29-d","status":"publish","type":"post","link":"https:\/\/testsocverslas.inovacijuagentura.lt\/en\/socialinio-verslo-forumas-kovo-28-29-d\/","title":{"rendered":"SOCIALINIO VERSLO FORUMAS | Kovo 28-29 d."},"content":{"rendered":"\n<p>Kovo 28-29 d. vyks Socialinio verslo forumas! Renginys suburs socialinio verslo ekosistemos lyderius dialogui su Lietuvos ir kit\u0173 \u0161ali\u0173 politikais bei socialinio verslo ekosistemos lyderiais. Bus diskutuojama apie \u0161io sektoriaus pl\u0117tros perspektyvas ir svarb\u0105 Lietuvos ekonomikai bei visuomen\u0117s i\u0161\u0161\u016bki\u0173 sprendimui.<\/p>\n\n\n\n<p>Pirm\u0105j\u0105 Socialinio verslo forumo dien\u0105 (kovo 28 d.) Lietuvos socialinio verslo asociacija kartu su Lietuvos Respublikos Seimu organizuoja rengin\u012f \u201eSocialinio verslo pl\u0117tra \u2013 darnios ir \u012ftraukios ekonomikos link\u201c. Renginio metu bus aptartas nesenai Europos Komisijos patvirtintas ES Socialin\u0117s ekonomikos veiksm\u0173 planas ir jo svarba kuriant darni\u0105 socialinio verslo ekosistem\u0105 Lietuvoje.<\/p>\n\n\n\n<p><strong>PROGRAMA<\/strong>:&nbsp;<a href=\"https:\/\/l.facebook.com\/l.php?u=https%3A%2F%2Flisva.org%2Fsocialinio-verslo-forumas%2F%3Ffbclid%3DIwAR2IO3Dwbny6NeWw2EzMdo1hmh-ACkXlIE7dV7FfJREPOxD0DydLF9Ska3Y&amp;h=AT1Qthvwfc1S6ycCELKv55PSJ3Io6Xwm8L6IBidEbWf4924PD17oWWTif1b5sKLH3ddybxb2fEHdvIw8PhMeK0vghmhTmaSktbs7ku03zLiqsh4arRDedbh0b22qhnz4bm5a&amp;__tn__=q&amp;c[0]=AT0x4-2Sw65vwTrxEJ4zLGfLjZW-NqCKXFtNCnRBW0f4CdVtRTLUWCaZVu_pEfyt24XIv28g3am5vvEsEC4ZIV-vYTAp_9G5Lyr6LddxDZBnYUG0OV4PuXOnZogKY3A6ZBOK_tunOBg8xDC2tPU4hptf\" rel=\"noreferrer noopener\" target=\"_blank\">https:\/\/lisva.org\/socialinio-verslo-forumas\/<\/a><\/p>\n\n\n\n<p>Rengin\u012f organizuoja:<strong> <\/strong>Lietuvos socialinio verslo asociacija. Renginio partneriai \u2013 Europos Komisijos atstovyb\u0117 Lietuvoje, \u201eGerinorai.lt\u201c, Kanados ambasados biuras, \u201eKatalista Ventures\u201c, \u201cNVO avilys\u201d, \u0160iaur\u0117s ministr\u0173 tarybos biuras Lietuvoje, \u201eVersli Lietuva&#8221;, Vilniaus universiteto Sociologijos ir socialinio darbo institutas.<\/p>\n\n\n\n<p><strong>Registracija <\/strong>\u012f 28 d. Socialinio verslo forumo rengin\u012f \u201eSocialinio verslo pl\u0117tra \u2013 darnios ir \u012ftraukios ekonomikos link\u201c &#8211;&nbsp;<a href=\"https:\/\/bit.ly\/3v8L1d9?fbclid=IwAR3_HGZgs12U1mWylv9X0T9wLKx8gSevXg_BnOmtTRWp78vC9RQrWz_jU70\" rel=\"noreferrer noopener\" target=\"_blank\">https:\/\/bit.ly\/3v8L1d9<\/a>&nbsp;(iki kovo 17 d.)<\/p>\n\n\n\n<p>Antros dienos (kovo 29 d.) metu vyks atskiros partneri\u0173 organizuojamos sesijos apie poveikio investicijas, poveikio matavim\u0105 ir socialinius verslus veikian\u010dius \u017ealios ekonomikos srityje.<\/p>\n\n\n\n<p>Socialinio verslo forum\u0105 vainikuos socialinio verslo bendradarbiavimo apdovanojimai ir u\u017edarymo renginys \u201eMiesto laboratorijoje\u201c.<\/p>\n\n\n\n<p>Daugiau informacijos apie 29 d. sesijas bus paskelbta jau netrukus.<\/p>\n\n\n\n<p>Kontaktai pasiteiravimui: <a href=\"mailto:info@lisva.org\">info@lisva.org<\/a><\/p>\n\n\n\n<p>Su Europos S\u0105jungos Socialin\u0117s ekonomikos veiksm\u0173 planu galite susipa\u017einti &#8211;&nbsp;<a href=\"https:\/\/ec.europa.eu\/social\/main.jsp?catId=1537&amp;langId=en&amp;fbclid=IwAR0P7XaVqNKSBHhOnki-taqqnNJs_70U0q5gU9j-XPGWdRptOCcOvv3aHN0\" rel=\"noreferrer noopener\" target=\"_blank\">https:\/\/ec.europa.eu\/social\/main.jsp?catId=1537&amp;langId=en<\/a><\/p>\n","protected":false},"excerpt":{"rendered":"<p>Kovo 28-29 d. vyks Socialinio verslo forumas! Renginys suburs socialinio verslo ekosistemos lyderius dialogui su Lietuvos ir kit\u0173 \u0161ali\u0173 politikais bei socialinio verslo ekosistemos lyderiais. Bus diskutuojama apie \u0161io sektoriaus pl\u0117tros perspektyvas ir svarb\u0105 Lietuvos ekonomikai bei visuomen\u0117s i\u0161\u0161\u016bki\u0173 sprendimui. Pirm\u0105j\u0105 Socialinio verslo forumo dien\u0105 (kovo 28 d.) Lietuvos socialinio verslo asociacija kartu su Lietuvos&hellip;<a href=\"https:\/\/testsocverslas.inovacijuagentura.lt\/en\/socialinio-verslo-forumas-kovo-28-29-d\/\" class=\"more-link\"><span>Continue reading<\/span><span class=\"screen-reader-text\">SOCIALINIO VERSLO FORUMAS | Kovo 28-29 d.<\/span><\/a><\/p>","protected":false},"author":307,"featured_media":2686,"comment_status":"open","ping_status":"open","sticky":false,"template":"","format":"standard","meta":{"footnotes":""},"categories":[1],"tags":[],"class_list":["post-2685","post","type-post","status-publish","format-standard","has-post-thumbnail","hentry","category-uncategorized","tw-post-no-content","tw-post-has-image-1-1"],"yoast_head":"<!-- This site is optimized with the Yoast SEO plugin v27.3 - https:\/\/yoast.com\/product\/yoast-seo-wordpress\/ -->\n<title>SOCIALINIO VERSLO FORUMAS | Kovo 28-29 d. - Socialinis verslas<\/title>\n<meta name=\"robots\" content=\"noindex, follow, max-snippet:-1, max-image-preview:large, max-video-preview:-1\" \/>\n<meta property=\"og:locale\" content=\"en_US\" \/>\n<meta property=\"og:type\" content=\"article\" \/>\n<meta property=\"og:title\" content=\"SOCIALINIO VERSLO FORUMAS | Kovo 28-29 d. - Socialinis verslas\" \/>\n<meta property=\"og:description\" content=\"Kovo 28-29 d. vyks Socialinio verslo forumas! Renginys suburs socialinio verslo ekosistemos lyderius dialogui su Lietuvos ir kit\u0173 \u0161ali\u0173 politikais bei socialinio verslo ekosistemos lyderiais. Bus diskutuojama apie \u0161io sektoriaus pl\u0117tros perspektyvas ir svarb\u0105 Lietuvos ekonomikai bei visuomen\u0117s i\u0161\u0161\u016bki\u0173 sprendimui. Pirm\u0105j\u0105 Socialinio verslo forumo dien\u0105 (kovo 28 d.) Lietuvos socialinio verslo asociacija kartu su Lietuvos&hellip;Continue readingSOCIALINIO VERSLO FORUMAS | Kovo 28-29 d.\" \/>\n<meta property=\"og:url\" content=\"https:\/\/testsocverslas.inovacijuagentura.lt\/en\/socialinio-verslo-forumas-kovo-28-29-d\/\" \/>\n<meta property=\"og:site_name\" content=\"Socialinis verslas\" \/>\n<meta property=\"article:published_time\" content=\"2022-03-07T11:32:42+00:00\" \/>\n<meta property=\"article:modified_time\" content=\"2022-03-07T11:47:15+00:00\" \/>\n<meta property=\"og:image\" content=\"https:\/\/testsocverslas.inovacijuagentura.lt\/wp-content\/uploads\/2022\/03\/forumas.jpg\" \/>\n\t<meta property=\"og:image:width\" content=\"1640\" \/>\n\t<meta property=\"og:image:height\" content=\"924\" \/>\n\t<meta property=\"og:image:type\" content=\"image\/jpeg\" \/>\n<meta name=\"author\" content=\"Simona Uvarovait\u0117\" \/>\n<meta name=\"twitter:card\" content=\"summary_large_image\" \/>\n<meta name=\"twitter:label1\" content=\"Written by\" \/>\n\t<meta name=\"twitter:data1\" content=\"Simona Uvarovait\u0117\" \/>\n\t<meta name=\"twitter:label2\" content=\"Est. reading time\" \/>\n\t<meta name=\"twitter:data2\" content=\"1 minute\" \/>\n<script type=\"application\/ld+json\" class=\"yoast-schema-graph\">{\"@context\":\"https:\\\/\\\/schema.org\",\"@graph\":[{\"@type\":\"Article\",\"@id\":\"https:\\\/\\\/testsocverslas.inovacijuagentura.lt\\\/socialinio-verslo-forumas-kovo-28-29-d\\\/#article\",\"isPartOf\":{\"@id\":\"https:\\\/\\\/testsocverslas.inovacijuagentura.lt\\\/socialinio-verslo-forumas-kovo-28-29-d\\\/\"},\"author\":{\"name\":\"Simona Uvarovait\u0117\",\"@id\":\"https:\\\/\\\/testsocverslas.inovacijuagentura.lt\\\/#\\\/schema\\\/person\\\/b54258a44b95d68e1e72771195b0954c\"},\"headline\":\"SOCIALINIO VERSLO FORUMAS | Kovo 28-29 d.\",\"datePublished\":\"2022-03-07T11:32:42+00:00\",\"dateModified\":\"2022-03-07T11:47:15+00:00\",\"mainEntityOfPage\":{\"@id\":\"https:\\\/\\\/testsocverslas.inovacijuagentura.lt\\\/socialinio-verslo-forumas-kovo-28-29-d\\\/\"},\"wordCount\":245,\"commentCount\":0,\"publisher\":{\"@id\":\"https:\\\/\\\/testsocverslas.inovacijuagentura.lt\\\/#organization\"},\"image\":{\"@id\":\"https:\\\/\\\/testsocverslas.inovacijuagentura.lt\\\/socialinio-verslo-forumas-kovo-28-29-d\\\/#primaryimage\"},\"thumbnailUrl\":\"https:\\\/\\\/testsocverslas.inovacijuagentura.lt\\\/wp-content\\\/uploads\\\/2022\\\/03\\\/forumas.jpg\",\"inLanguage\":\"en-US\",\"potentialAction\":[{\"@type\":\"CommentAction\",\"name\":\"Comment\",\"target\":[\"https:\\\/\\\/testsocverslas.inovacijuagentura.lt\\\/socialinio-verslo-forumas-kovo-28-29-d\\\/#respond\"]}]},{\"@type\":\"WebPage\",\"@id\":\"https:\\\/\\\/testsocverslas.inovacijuagentura.lt\\\/socialinio-verslo-forumas-kovo-28-29-d\\\/\",\"url\":\"https:\\\/\\\/testsocverslas.inovacijuagentura.lt\\\/socialinio-verslo-forumas-kovo-28-29-d\\\/\",\"name\":\"SOCIALINIO VERSLO FORUMAS | Kovo 28-29 d. - Socialinis verslas\",\"isPartOf\":{\"@id\":\"https:\\\/\\\/testsocverslas.inovacijuagentura.lt\\\/#website\"},\"primaryImageOfPage\":{\"@id\":\"https:\\\/\\\/testsocverslas.inovacijuagentura.lt\\\/socialinio-verslo-forumas-kovo-28-29-d\\\/#primaryimage\"},\"image\":{\"@id\":\"https:\\\/\\\/testsocverslas.inovacijuagentura.lt\\\/socialinio-verslo-forumas-kovo-28-29-d\\\/#primaryimage\"},\"thumbnailUrl\":\"https:\\\/\\\/testsocverslas.inovacijuagentura.lt\\\/wp-content\\\/uploads\\\/2022\\\/03\\\/forumas.jpg\",\"datePublished\":\"2022-03-07T11:32:42+00:00\",\"dateModified\":\"2022-03-07T11:47:15+00:00\",\"breadcrumb\":{\"@id\":\"https:\\\/\\\/testsocverslas.inovacijuagentura.lt\\\/socialinio-verslo-forumas-kovo-28-29-d\\\/#breadcrumb\"},\"inLanguage\":\"en-US\",\"potentialAction\":[{\"@type\":\"ReadAction\",\"target\":[\"https:\\\/\\\/testsocverslas.inovacijuagentura.lt\\\/socialinio-verslo-forumas-kovo-28-29-d\\\/\"]}]},{\"@type\":\"ImageObject\",\"inLanguage\":\"en-US\",\"@id\":\"https:\\\/\\\/testsocverslas.inovacijuagentura.lt\\\/socialinio-verslo-forumas-kovo-28-29-d\\\/#primaryimage\",\"url\":\"https:\\\/\\\/testsocverslas.inovacijuagentura.lt\\\/wp-content\\\/uploads\\\/2022\\\/03\\\/forumas.jpg\",\"contentUrl\":\"https:\\\/\\\/testsocverslas.inovacijuagentura.lt\\\/wp-content\\\/uploads\\\/2022\\\/03\\\/forumas.jpg\",\"width\":1640,\"height\":924},{\"@type\":\"BreadcrumbList\",\"@id\":\"https:\\\/\\\/testsocverslas.inovacijuagentura.lt\\\/socialinio-verslo-forumas-kovo-28-29-d\\\/#breadcrumb\",\"itemListElement\":[{\"@type\":\"ListItem\",\"position\":1,\"name\":\"Home\",\"item\":\"https:\\\/\\\/testsocverslas.inovacijuagentura.lt\\\/\"},{\"@type\":\"ListItem\",\"position\":2,\"name\":\"SOCIALINIO VERSLO FORUMAS | Kovo 28-29 d.\"}]},{\"@type\":\"WebSite\",\"@id\":\"https:\\\/\\\/testsocverslas.inovacijuagentura.lt\\\/#website\",\"url\":\"https:\\\/\\\/testsocverslas.inovacijuagentura.lt\\\/\",\"name\":\"Socialinis verslas\",\"description\":\"\",\"publisher\":{\"@id\":\"https:\\\/\\\/testsocverslas.inovacijuagentura.lt\\\/#organization\"},\"potentialAction\":[{\"@type\":\"SearchAction\",\"target\":{\"@type\":\"EntryPoint\",\"urlTemplate\":\"https:\\\/\\\/testsocverslas.inovacijuagentura.lt\\\/?s={search_term_string}\"},\"query-input\":{\"@type\":\"PropertyValueSpecification\",\"valueRequired\":true,\"valueName\":\"search_term_string\"}}],\"inLanguage\":\"en-US\"},{\"@type\":\"Organization\",\"@id\":\"https:\\\/\\\/testsocverslas.inovacijuagentura.lt\\\/#organization\",\"name\":\"Socialinis verslas\",\"url\":\"https:\\\/\\\/testsocverslas.inovacijuagentura.lt\\\/\",\"logo\":{\"@type\":\"ImageObject\",\"inLanguage\":\"en-US\",\"@id\":\"https:\\\/\\\/testsocverslas.inovacijuagentura.lt\\\/#\\\/schema\\\/logo\\\/image\\\/\",\"url\":\"https:\\\/\\\/socialinisverslas.verslilietuva.lt\\\/wp-content\\\/uploads\\\/2020\\\/12\\\/turiuversla.png\",\"contentUrl\":\"https:\\\/\\\/socialinisverslas.verslilietuva.lt\\\/wp-content\\\/uploads\\\/2020\\\/12\\\/turiuversla.png\",\"width\":418,\"height\":406,\"caption\":\"Socialinis verslas\"},\"image\":{\"@id\":\"https:\\\/\\\/testsocverslas.inovacijuagentura.lt\\\/#\\\/schema\\\/logo\\\/image\\\/\"}},{\"@type\":\"Person\",\"@id\":\"https:\\\/\\\/testsocverslas.inovacijuagentura.lt\\\/#\\\/schema\\\/person\\\/b54258a44b95d68e1e72771195b0954c\",\"name\":\"Simona Uvarovait\u0117\"}]}<\/script>\n<!-- \/ Yoast SEO plugin. -->","yoast_head_json":{"title":"SOCIALINIO VERSLO FORUMAS | Kovo 28-29 d. - Socialinis verslas","robots":{"index":"noindex","follow":"follow","max-snippet":"max-snippet:-1","max-image-preview":"max-image-preview:large","max-video-preview":"max-video-preview:-1"},"og_locale":"en_US","og_type":"article","og_title":"SOCIALINIO VERSLO FORUMAS | Kovo 28-29 d. - Socialinis verslas","og_description":"Kovo 28-29 d. vyks Socialinio verslo forumas! Renginys suburs socialinio verslo ekosistemos lyderius dialogui su Lietuvos ir kit\u0173 \u0161ali\u0173 politikais bei socialinio verslo ekosistemos lyderiais. Bus diskutuojama apie \u0161io sektoriaus pl\u0117tros perspektyvas ir svarb\u0105 Lietuvos ekonomikai bei visuomen\u0117s i\u0161\u0161\u016bki\u0173 sprendimui. Pirm\u0105j\u0105 Socialinio verslo forumo dien\u0105 (kovo 28 d.) Lietuvos socialinio verslo asociacija kartu su Lietuvos&hellip;Continue readingSOCIALINIO VERSLO FORUMAS | Kovo 28-29 d.","og_url":"https:\/\/testsocverslas.inovacijuagentura.lt\/en\/socialinio-verslo-forumas-kovo-28-29-d\/","og_site_name":"Socialinis verslas","article_published_time":"2022-03-07T11:32:42+00:00","article_modified_time":"2022-03-07T11:47:15+00:00","og_image":[{"width":1640,"height":924,"url":"https:\/\/testsocverslas.inovacijuagentura.lt\/wp-content\/uploads\/2022\/03\/forumas.jpg","type":"image\/jpeg"}],"author":"Simona Uvarovait\u0117","twitter_card":"summary_large_image","twitter_misc":{"Written by":"Simona Uvarovait\u0117","Est. reading time":"1 minute"},"schema":{"@context":"https:\/\/schema.org","@graph":[{"@type":"Article","@id":"https:\/\/testsocverslas.inovacijuagentura.lt\/socialinio-verslo-forumas-kovo-28-29-d\/#article","isPartOf":{"@id":"https:\/\/testsocverslas.inovacijuagentura.lt\/socialinio-verslo-forumas-kovo-28-29-d\/"},"author":{"name":"Simona Uvarovait\u0117","@id":"https:\/\/testsocverslas.inovacijuagentura.lt\/#\/schema\/person\/b54258a44b95d68e1e72771195b0954c"},"headline":"SOCIALINIO VERSLO FORUMAS | Kovo 28-29 d.","datePublished":"2022-03-07T11:32:42+00:00","dateModified":"2022-03-07T11:47:15+00:00","mainEntityOfPage":{"@id":"https:\/\/testsocverslas.inovacijuagentura.lt\/socialinio-verslo-forumas-kovo-28-29-d\/"},"wordCount":245,"commentCount":0,"publisher":{"@id":"https:\/\/testsocverslas.inovacijuagentura.lt\/#organization"},"image":{"@id":"https:\/\/testsocverslas.inovacijuagentura.lt\/socialinio-verslo-forumas-kovo-28-29-d\/#primaryimage"},"thumbnailUrl":"https:\/\/testsocverslas.inovacijuagentura.lt\/wp-content\/uploads\/2022\/03\/forumas.jpg","inLanguage":"en-US","potentialAction":[{"@type":"CommentAction","name":"Comment","target":["https:\/\/testsocverslas.inovacijuagentura.lt\/socialinio-verslo-forumas-kovo-28-29-d\/#respond"]}]},{"@type":"WebPage","@id":"https:\/\/testsocverslas.inovacijuagentura.lt\/socialinio-verslo-forumas-kovo-28-29-d\/","url":"https:\/\/testsocverslas.inovacijuagentura.lt\/socialinio-verslo-forumas-kovo-28-29-d\/","name":"SOCIALINIO VERSLO FORUMAS | Kovo 28-29 d. - Socialinis verslas","isPartOf":{"@id":"https:\/\/testsocverslas.inovacijuagentura.lt\/#website"},"primaryImageOfPage":{"@id":"https:\/\/testsocverslas.inovacijuagentura.lt\/socialinio-verslo-forumas-kovo-28-29-d\/#primaryimage"},"image":{"@id":"https:\/\/testsocverslas.inovacijuagentura.lt\/socialinio-verslo-forumas-kovo-28-29-d\/#primaryimage"},"thumbnailUrl":"https:\/\/testsocverslas.inovacijuagentura.lt\/wp-content\/uploads\/2022\/03\/forumas.jpg","datePublished":"2022-03-07T11:32:42+00:00","dateModified":"2022-03-07T11:47:15+00:00","breadcrumb":{"@id":"https:\/\/testsocverslas.inovacijuagentura.lt\/socialinio-verslo-forumas-kovo-28-29-d\/#breadcrumb"},"inLanguage":"en-US","potentialAction":[{"@type":"ReadAction","target":["https:\/\/testsocverslas.inovacijuagentura.lt\/socialinio-verslo-forumas-kovo-28-29-d\/"]}]},{"@type":"ImageObject","inLanguage":"en-US","@id":"https:\/\/testsocverslas.inovacijuagentura.lt\/socialinio-verslo-forumas-kovo-28-29-d\/#primaryimage","url":"https:\/\/testsocverslas.inovacijuagentura.lt\/wp-content\/uploads\/2022\/03\/forumas.jpg","contentUrl":"https:\/\/testsocverslas.inovacijuagentura.lt\/wp-content\/uploads\/2022\/03\/forumas.jpg","width":1640,"height":924},{"@type":"BreadcrumbList","@id":"https:\/\/testsocverslas.inovacijuagentura.lt\/socialinio-verslo-forumas-kovo-28-29-d\/#breadcrumb","itemListElement":[{"@type":"ListItem","position":1,"name":"Home","item":"https:\/\/testsocverslas.inovacijuagentura.lt\/"},{"@type":"ListItem","position":2,"name":"SOCIALINIO VERSLO FORUMAS | Kovo 28-29 d."}]},{"@type":"WebSite","@id":"https:\/\/testsocverslas.inovacijuagentura.lt\/#website","url":"https:\/\/testsocverslas.inovacijuagentura.lt\/","name":"Social Enterprise","description":"","publisher":{"@id":"https:\/\/testsocverslas.inovacijuagentura.lt\/#organization"},"potentialAction":[{"@type":"SearchAction","target":{"@type":"EntryPoint","urlTemplate":"https:\/\/testsocverslas.inovacijuagentura.lt\/?s={search_term_string}"},"query-input":{"@type":"PropertyValueSpecification","valueRequired":true,"valueName":"search_term_string"}}],"inLanguage":"en-US"},{"@type":"Organization","@id":"https:\/\/testsocverslas.inovacijuagentura.lt\/#organization","name":"Social Enterprise","url":"https:\/\/testsocverslas.inovacijuagentura.lt\/","logo":{"@type":"ImageObject","inLanguage":"en-US","@id":"https:\/\/testsocverslas.inovacijuagentura.lt\/#\/schema\/logo\/image\/","url":"https:\/\/socialinisverslas.verslilietuva.lt\/wp-content\/uploads\/2020\/12\/turiuversla.png","contentUrl":"https:\/\/socialinisverslas.verslilietuva.lt\/wp-content\/uploads\/2020\/12\/turiuversla.png","width":418,"height":406,"caption":"Socialinis verslas"},"image":{"@id":"https:\/\/testsocverslas.inovacijuagentura.lt\/#\/schema\/logo\/image\/"}},{"@type":"Person","@id":"https:\/\/testsocverslas.inovacijuagentura.lt\/#\/schema\/person\/b54258a44b95d68e1e72771195b0954c","name":"Simona Uvarovait\u0117"}]}},"_links":{"self":[{"href":"https:\/\/testsocverslas.inovacijuagentura.lt\/en\/wp-json\/wp\/v2\/posts\/2685","targetHints":{"allow":["GET"]}}],"collection":[{"href":"https:\/\/testsocverslas.inovacijuagentura.lt\/en\/wp-json\/wp\/v2\/posts"}],"about":[{"href":"https:\/\/testsocverslas.inovacijuagentura.lt\/en\/wp-json\/wp\/v2\/types\/post"}],"author":[{"embeddable":true,"href":"https:\/\/testsocverslas.inovacijuagentura.lt\/en\/wp-json\/wp\/v2\/users\/307"}],"replies":[{"embeddable":true,"href":"https:\/\/testsocverslas.inovacijuagentura.lt\/en\/wp-json\/wp\/v2\/comments?post=2685"}],"version-history":[{"count":2,"href":"https:\/\/testsocverslas.inovacijuagentura.lt\/en\/wp-json\/wp\/v2\/posts\/2685\/revisions"}],"predecessor-version":[{"id":2689,"href":"https:\/\/testsocverslas.inovacijuagentura.lt\/en\/wp-json\/wp\/v2\/posts\/2685\/revisions\/2689"}],"wp:featuredmedia":[{"embeddable":true,"href":"https:\/\/testsocverslas.inovacijuagentura.lt\/en\/wp-json\/wp\/v2\/media\/2686"}],"wp:attachment":[{"href":"https:\/\/testsocverslas.inovacijuagentura.lt\/en\/wp-json\/wp\/v2\/media?parent=2685"}],"wp:term":[{"taxonomy":"category","embeddable":true,"href":"https:\/\/testsocverslas.inovacijuagentura.lt\/en\/wp-json\/wp\/v2\/categories?post=2685"},{"taxonomy":"post_tag","embeddable":true,"href":"https:\/\/testsocverslas.inovacijuagentura.lt\/en\/wp-json\/wp\/v2\/tags?post=2685"}],"curies":[{"name":"wp","href":"https:\/\/api.w.org\/{rel}","templated":true}]}}