{"id":2376,"date":"2021-08-26T14:45:52","date_gmt":"2021-08-26T12:45:52","guid":{"rendered":"https:\/\/socialinisverslas.inovacijuagentura.lt\/?p=2376"},"modified":"2021-08-30T14:43:38","modified_gmt":"2021-08-30T12:43:38","slug":"socialiniai-verslai-kvieciami-nemokamai-prisistatyti-socialinio-verslo-prekybos-arkoje","status":"publish","type":"post","link":"https:\/\/testsocverslas.inovacijuagentura.lt\/en\/socialiniai-verslai-kvieciami-nemokamai-prisistatyti-socialinio-verslo-prekybos-arkoje\/","title":{"rendered":"Socialiniai verslai kvie\u010diami nemokamai prisistatyti \u201eSocialinio verslo prekybos arkoje\u201c"},"content":{"rendered":"\n<p>Rugs\u0117jo 24\u201326 dienomis \u201eEXPO AUK\u0160TAITIJA 2021\u201c parodoje \u012fsikurs <a href=\"https:\/\/www.facebook.com\/events\/360187452305117\" target=\"_blank\" rel=\"noreferrer noopener\">\u201eSocialinio verslo prekybos arka\u201c<\/a>. \u0160ioje specialioje V\u0161\u012e \u201eVersli Lietuva\u201c \u012fkurtoje erdv\u0117je kviesime mug\u0117s lankytojus artimiau susipa\u017einti su \u010dia susib\u016brusiais socialiniais verslais, \u012fsigyti ir daugiau su\u017einoti apie j\u0173 gaminamus produktus, paslaugas bei susipa\u017einti su \u0161i\u0173 versl\u0173 sprend\u017eiamomis socialin\u0117mis problemomis.\u00a0<\/p>\n\n\n\n<p><strong>Atstovaujate socialin\u012f versl\u0105?<\/strong> Tuomet kvie\u010diame jus nemokamai prisistatyti ir prekiauti \u201eSocialinio verslo prekybos arkoje\u201c! Kiekvienam \u012f ark\u0105 atrinktam socialiniam verslui bus&nbsp;skiriama \u0161i \u012franga: ekspozicin\u0117 sienel\u0117, stalas ir k\u0117d\u0117, ant sienel\u0117s klijuojamas \u012fmon\u0117s\/organizacijos pavadinimas. Kiekvienas dalyvis nemokamai gal\u0117s pasirinkti ir papildom\u0105 \u012frang\u0105:&nbsp;ant sienel\u0117s montuojam\u0105 lentyn\u0105, kabykl\u0105, groteles su kabliais.<\/p>\n\n\n\n<p><strong>Registracija \u012f ark\u0105 vyksta iki rugs\u0117jo 5 d.: <a href=\"https:\/\/l.facebook.com\/l.php?u=https%3A%2F%2Fbit.ly%2F381LW2s%3Ffbclid%3DIwAR2rtZ7WMZPimdA4qPz6IFJanGu6YK-uUxjdhmftt1t5p68QP_vA_tKQsmo&amp;h=AT13bkdoBFBUlR2sccMQoInhGWTn6RFAr5YNRleumvmKEELSD15IjI_dvNlyun41z8BvIpJeHqK5ud58u1B92kKWIqOCA1nEde339lh-gbDTFbLhel6HRn4m71bO6k8Egvqt&amp;__tn__=-UK-R&amp;c[0]=AT1g3_CT_AbphjTRbKsD0q60xpmYCepUgphnhErh-VJnt5LW6jN1zLNiWJBOPx6dEW8axu-F_5BBKc9ai5eoPmndfM6wXBUEukT79JFIppvG53M00TO_S1cFbfJn6h8VazYqbW6h352mjHnGGcXRawGdmRpSve8xCY4A8VUE9-2elo31gMyy7N2I_VgSFA9NXfYelk7j\" rel=\"noreferrer noopener\" target=\"_blank\">https:\/\/bit.ly\/381LW2s<\/a><\/strong><\/p>\n\n\n\n<p>\u201eEXPO AUK\u0160TAITIJA 2021\u201c paroda vyks rugs\u0117jo 24-26 d. \u201eCido\u201c arenoje, Panev\u0117\u017eyje.<br>Parodos darbo laikas: rugs\u0117jo 24 ir 25 d. 10.00\u201319.00 val., rugs\u0117jo 26 d. 10.00\u201316.00 val. Pla\u010diau apie parod\u0105:&nbsp;<a href=\"https:\/\/www.parodos.lt\/dalyviams\/expo-aukstaitija-2021\/\" target=\"_blank\" rel=\"noreferrer noopener\">https:\/\/www.parodos.lt\/dalyviams\/expo-aukstaitija-2021\/<\/a>. Atkreipiame d\u0117mes\u012f, jog bent vienas atstovas i\u0161 kiekvieno socialinio verslo turi dalyvauti visas tris parodos dienas.&nbsp;<\/p>\n\n\n\n<p>\u0160i \u201eSocialinio verslo prekybos arka\u201c yra socialinio verslo iniciatyv\u0173 skatinimo projekto Panev\u0117\u017eio apskrityje, siekian\u010dio \u201e\u012fjungti poveik\u012f\u201c dalis. Projektas finansuojamas 2014\u20132020 met\u0173 Europos S\u0105jungos fond\u0173 investicij\u0173 veiksm\u0173 programos l\u0117\u0161omis.<\/p>\n","protected":false},"excerpt":{"rendered":"<p>Rugs\u0117jo 24\u201326 dienomis \u201eEXPO AUK\u0160TAITIJA 2021\u201c parodoje \u012fsikurs \u201eSocialinio verslo prekybos arka\u201c. \u0160ioje specialioje V\u0161\u012e \u201eVersli Lietuva\u201c \u012fkurtoje erdv\u0117je kviesime mug\u0117s lankytojus artimiau susipa\u017einti su \u010dia susib\u016brusiais socialiniais verslais, \u012fsigyti ir daugiau su\u017einoti apie j\u0173 gaminamus produktus, paslaugas bei susipa\u017einti su \u0161i\u0173 versl\u0173 sprend\u017eiamomis socialin\u0117mis problemomis.\u00a0 Atstovaujate socialin\u012f versl\u0105? Tuomet kvie\u010diame jus nemokamai prisistatyti ir&hellip;<a href=\"https:\/\/testsocverslas.inovacijuagentura.lt\/en\/socialiniai-verslai-kvieciami-nemokamai-prisistatyti-socialinio-verslo-prekybos-arkoje\/\" class=\"more-link\"><span>Continue reading<\/span><span class=\"screen-reader-text\">Socialiniai verslai kvie\u010diami nemokamai prisistatyti \u201eSocialinio verslo prekybos arkoje\u201c<\/span><\/a><\/p>","protected":false},"author":307,"featured_media":2377,"comment_status":"open","ping_status":"open","sticky":false,"template":"","format":"standard","meta":{"footnotes":""},"categories":[1],"tags":[],"class_list":["post-2376","post","type-post","status-publish","format-standard","has-post-thumbnail","hentry","category-uncategorized","tw-post-no-content","tw-post-has-image-1-1"],"yoast_head":"<!-- This site is optimized with the Yoast SEO plugin v27.3 - https:\/\/yoast.com\/product\/yoast-seo-wordpress\/ -->\n<title>Socialiniai verslai kvie\u010diami nemokamai prisistatyti \u201eSocialinio verslo prekybos arkoje\u201c - Socialinis verslas<\/title>\n<meta name=\"robots\" content=\"noindex, follow, max-snippet:-1, max-image-preview:large, max-video-preview:-1\" \/>\n<meta property=\"og:locale\" content=\"en_US\" \/>\n<meta property=\"og:type\" content=\"article\" \/>\n<meta property=\"og:title\" content=\"Socialiniai verslai kvie\u010diami nemokamai prisistatyti \u201eSocialinio verslo prekybos arkoje\u201c - Socialinis verslas\" \/>\n<meta property=\"og:description\" content=\"Rugs\u0117jo 24\u201326 dienomis \u201eEXPO AUK\u0160TAITIJA 2021\u201c parodoje \u012fsikurs \u201eSocialinio verslo prekybos arka\u201c. \u0160ioje specialioje V\u0161\u012e \u201eVersli Lietuva\u201c \u012fkurtoje erdv\u0117je kviesime mug\u0117s lankytojus artimiau susipa\u017einti su \u010dia susib\u016brusiais socialiniais verslais, \u012fsigyti ir daugiau su\u017einoti apie j\u0173 gaminamus produktus, paslaugas bei susipa\u017einti su \u0161i\u0173 versl\u0173 sprend\u017eiamomis socialin\u0117mis problemomis.\u00a0 Atstovaujate socialin\u012f versl\u0105? Tuomet kvie\u010diame jus nemokamai prisistatyti ir&hellip;Continue readingSocialiniai verslai kvie\u010diami nemokamai prisistatyti \u201eSocialinio verslo prekybos arkoje\u201c\" \/>\n<meta property=\"og:url\" content=\"https:\/\/testsocverslas.inovacijuagentura.lt\/en\/socialiniai-verslai-kvieciami-nemokamai-prisistatyti-socialinio-verslo-prekybos-arkoje\/\" \/>\n<meta property=\"og:site_name\" content=\"Socialinis verslas\" \/>\n<meta property=\"article:published_time\" content=\"2021-08-26T12:45:52+00:00\" \/>\n<meta property=\"article:modified_time\" content=\"2021-08-30T12:43:38+00:00\" \/>\n<meta property=\"og:image\" content=\"https:\/\/testsocverslas.inovacijuagentura.lt\/wp-content\/uploads\/2021\/08\/shutterstock_1395392480-1.jpg\" \/>\n\t<meta property=\"og:image:width\" content=\"1000\" \/>\n\t<meta property=\"og:image:height\" content=\"667\" \/>\n\t<meta property=\"og:image:type\" content=\"image\/jpeg\" \/>\n<meta name=\"author\" content=\"Simona Uvarovait\u0117\" \/>\n<meta name=\"twitter:card\" content=\"summary_large_image\" \/>\n<meta name=\"twitter:label1\" content=\"Written by\" \/>\n\t<meta name=\"twitter:data1\" content=\"Simona Uvarovait\u0117\" \/>\n\t<meta name=\"twitter:label2\" content=\"Est. reading time\" \/>\n\t<meta name=\"twitter:data2\" content=\"1 minute\" \/>\n<script type=\"application\/ld+json\" class=\"yoast-schema-graph\">{\"@context\":\"https:\\\/\\\/schema.org\",\"@graph\":[{\"@type\":\"Article\",\"@id\":\"https:\\\/\\\/testsocverslas.inovacijuagentura.lt\\\/socialiniai-verslai-kvieciami-nemokamai-prisistatyti-socialinio-verslo-prekybos-arkoje\\\/#article\",\"isPartOf\":{\"@id\":\"https:\\\/\\\/testsocverslas.inovacijuagentura.lt\\\/socialiniai-verslai-kvieciami-nemokamai-prisistatyti-socialinio-verslo-prekybos-arkoje\\\/\"},\"author\":{\"name\":\"Simona Uvarovait\u0117\",\"@id\":\"https:\\\/\\\/testsocverslas.inovacijuagentura.lt\\\/#\\\/schema\\\/person\\\/b54258a44b95d68e1e72771195b0954c\"},\"headline\":\"Socialiniai verslai kvie\u010diami nemokamai prisistatyti \u201eSocialinio verslo prekybos arkoje\u201c\",\"datePublished\":\"2021-08-26T12:45:52+00:00\",\"dateModified\":\"2021-08-30T12:43:38+00:00\",\"mainEntityOfPage\":{\"@id\":\"https:\\\/\\\/testsocverslas.inovacijuagentura.lt\\\/socialiniai-verslai-kvieciami-nemokamai-prisistatyti-socialinio-verslo-prekybos-arkoje\\\/\"},\"wordCount\":219,\"commentCount\":0,\"publisher\":{\"@id\":\"https:\\\/\\\/testsocverslas.inovacijuagentura.lt\\\/#organization\"},\"image\":{\"@id\":\"https:\\\/\\\/testsocverslas.inovacijuagentura.lt\\\/socialiniai-verslai-kvieciami-nemokamai-prisistatyti-socialinio-verslo-prekybos-arkoje\\\/#primaryimage\"},\"thumbnailUrl\":\"https:\\\/\\\/testsocverslas.inovacijuagentura.lt\\\/wp-content\\\/uploads\\\/2021\\\/08\\\/shutterstock_1395392480-1.jpg\",\"inLanguage\":\"en-US\",\"potentialAction\":[{\"@type\":\"CommentAction\",\"name\":\"Comment\",\"target\":[\"https:\\\/\\\/testsocverslas.inovacijuagentura.lt\\\/socialiniai-verslai-kvieciami-nemokamai-prisistatyti-socialinio-verslo-prekybos-arkoje\\\/#respond\"]}]},{\"@type\":\"WebPage\",\"@id\":\"https:\\\/\\\/testsocverslas.inovacijuagentura.lt\\\/socialiniai-verslai-kvieciami-nemokamai-prisistatyti-socialinio-verslo-prekybos-arkoje\\\/\",\"url\":\"https:\\\/\\\/testsocverslas.inovacijuagentura.lt\\\/socialiniai-verslai-kvieciami-nemokamai-prisistatyti-socialinio-verslo-prekybos-arkoje\\\/\",\"name\":\"Socialiniai verslai kvie\u010diami nemokamai prisistatyti \u201eSocialinio verslo prekybos arkoje\u201c - Socialinis verslas\",\"isPartOf\":{\"@id\":\"https:\\\/\\\/testsocverslas.inovacijuagentura.lt\\\/#website\"},\"primaryImageOfPage\":{\"@id\":\"https:\\\/\\\/testsocverslas.inovacijuagentura.lt\\\/socialiniai-verslai-kvieciami-nemokamai-prisistatyti-socialinio-verslo-prekybos-arkoje\\\/#primaryimage\"},\"image\":{\"@id\":\"https:\\\/\\\/testsocverslas.inovacijuagentura.lt\\\/socialiniai-verslai-kvieciami-nemokamai-prisistatyti-socialinio-verslo-prekybos-arkoje\\\/#primaryimage\"},\"thumbnailUrl\":\"https:\\\/\\\/testsocverslas.inovacijuagentura.lt\\\/wp-content\\\/uploads\\\/2021\\\/08\\\/shutterstock_1395392480-1.jpg\",\"datePublished\":\"2021-08-26T12:45:52+00:00\",\"dateModified\":\"2021-08-30T12:43:38+00:00\",\"breadcrumb\":{\"@id\":\"https:\\\/\\\/testsocverslas.inovacijuagentura.lt\\\/socialiniai-verslai-kvieciami-nemokamai-prisistatyti-socialinio-verslo-prekybos-arkoje\\\/#breadcrumb\"},\"inLanguage\":\"en-US\",\"potentialAction\":[{\"@type\":\"ReadAction\",\"target\":[\"https:\\\/\\\/testsocverslas.inovacijuagentura.lt\\\/socialiniai-verslai-kvieciami-nemokamai-prisistatyti-socialinio-verslo-prekybos-arkoje\\\/\"]}]},{\"@type\":\"ImageObject\",\"inLanguage\":\"en-US\",\"@id\":\"https:\\\/\\\/testsocverslas.inovacijuagentura.lt\\\/socialiniai-verslai-kvieciami-nemokamai-prisistatyti-socialinio-verslo-prekybos-arkoje\\\/#primaryimage\",\"url\":\"https:\\\/\\\/testsocverslas.inovacijuagentura.lt\\\/wp-content\\\/uploads\\\/2021\\\/08\\\/shutterstock_1395392480-1.jpg\",\"contentUrl\":\"https:\\\/\\\/testsocverslas.inovacijuagentura.lt\\\/wp-content\\\/uploads\\\/2021\\\/08\\\/shutterstock_1395392480-1.jpg\",\"width\":1000,\"height\":667},{\"@type\":\"BreadcrumbList\",\"@id\":\"https:\\\/\\\/testsocverslas.inovacijuagentura.lt\\\/socialiniai-verslai-kvieciami-nemokamai-prisistatyti-socialinio-verslo-prekybos-arkoje\\\/#breadcrumb\",\"itemListElement\":[{\"@type\":\"ListItem\",\"position\":1,\"name\":\"Home\",\"item\":\"https:\\\/\\\/testsocverslas.inovacijuagentura.lt\\\/\"},{\"@type\":\"ListItem\",\"position\":2,\"name\":\"Socialiniai verslai kvie\u010diami nemokamai prisistatyti \u201eSocialinio verslo prekybos arkoje\u201c\"}]},{\"@type\":\"WebSite\",\"@id\":\"https:\\\/\\\/testsocverslas.inovacijuagentura.lt\\\/#website\",\"url\":\"https:\\\/\\\/testsocverslas.inovacijuagentura.lt\\\/\",\"name\":\"Socialinis verslas\",\"description\":\"\",\"publisher\":{\"@id\":\"https:\\\/\\\/testsocverslas.inovacijuagentura.lt\\\/#organization\"},\"potentialAction\":[{\"@type\":\"SearchAction\",\"target\":{\"@type\":\"EntryPoint\",\"urlTemplate\":\"https:\\\/\\\/testsocverslas.inovacijuagentura.lt\\\/?s={search_term_string}\"},\"query-input\":{\"@type\":\"PropertyValueSpecification\",\"valueRequired\":true,\"valueName\":\"search_term_string\"}}],\"inLanguage\":\"en-US\"},{\"@type\":\"Organization\",\"@id\":\"https:\\\/\\\/testsocverslas.inovacijuagentura.lt\\\/#organization\",\"name\":\"Socialinis verslas\",\"url\":\"https:\\\/\\\/testsocverslas.inovacijuagentura.lt\\\/\",\"logo\":{\"@type\":\"ImageObject\",\"inLanguage\":\"en-US\",\"@id\":\"https:\\\/\\\/testsocverslas.inovacijuagentura.lt\\\/#\\\/schema\\\/logo\\\/image\\\/\",\"url\":\"https:\\\/\\\/socialinisverslas.verslilietuva.lt\\\/wp-content\\\/uploads\\\/2020\\\/12\\\/turiuversla.png\",\"contentUrl\":\"https:\\\/\\\/socialinisverslas.verslilietuva.lt\\\/wp-content\\\/uploads\\\/2020\\\/12\\\/turiuversla.png\",\"width\":418,\"height\":406,\"caption\":\"Socialinis verslas\"},\"image\":{\"@id\":\"https:\\\/\\\/testsocverslas.inovacijuagentura.lt\\\/#\\\/schema\\\/logo\\\/image\\\/\"}},{\"@type\":\"Person\",\"@id\":\"https:\\\/\\\/testsocverslas.inovacijuagentura.lt\\\/#\\\/schema\\\/person\\\/b54258a44b95d68e1e72771195b0954c\",\"name\":\"Simona Uvarovait\u0117\"}]}<\/script>\n<!-- \/ Yoast SEO plugin. -->","yoast_head_json":{"title":"Socialiniai verslai kvie\u010diami nemokamai prisistatyti \u201eSocialinio verslo prekybos arkoje\u201c - Socialinis verslas","robots":{"index":"noindex","follow":"follow","max-snippet":"max-snippet:-1","max-image-preview":"max-image-preview:large","max-video-preview":"max-video-preview:-1"},"og_locale":"en_US","og_type":"article","og_title":"Socialiniai verslai kvie\u010diami nemokamai prisistatyti \u201eSocialinio verslo prekybos arkoje\u201c - Socialinis verslas","og_description":"Rugs\u0117jo 24\u201326 dienomis \u201eEXPO AUK\u0160TAITIJA 2021\u201c parodoje \u012fsikurs \u201eSocialinio verslo prekybos arka\u201c. \u0160ioje specialioje V\u0161\u012e \u201eVersli Lietuva\u201c \u012fkurtoje erdv\u0117je kviesime mug\u0117s lankytojus artimiau susipa\u017einti su \u010dia susib\u016brusiais socialiniais verslais, \u012fsigyti ir daugiau su\u017einoti apie j\u0173 gaminamus produktus, paslaugas bei susipa\u017einti su \u0161i\u0173 versl\u0173 sprend\u017eiamomis socialin\u0117mis problemomis.\u00a0 Atstovaujate socialin\u012f versl\u0105? Tuomet kvie\u010diame jus nemokamai prisistatyti ir&hellip;Continue readingSocialiniai verslai kvie\u010diami nemokamai prisistatyti \u201eSocialinio verslo prekybos arkoje\u201c","og_url":"https:\/\/testsocverslas.inovacijuagentura.lt\/en\/socialiniai-verslai-kvieciami-nemokamai-prisistatyti-socialinio-verslo-prekybos-arkoje\/","og_site_name":"Socialinis verslas","article_published_time":"2021-08-26T12:45:52+00:00","article_modified_time":"2021-08-30T12:43:38+00:00","og_image":[{"width":1000,"height":667,"url":"https:\/\/testsocverslas.inovacijuagentura.lt\/wp-content\/uploads\/2021\/08\/shutterstock_1395392480-1.jpg","type":"image\/jpeg"}],"author":"Simona Uvarovait\u0117","twitter_card":"summary_large_image","twitter_misc":{"Written by":"Simona Uvarovait\u0117","Est. reading time":"1 minute"},"schema":{"@context":"https:\/\/schema.org","@graph":[{"@type":"Article","@id":"https:\/\/testsocverslas.inovacijuagentura.lt\/socialiniai-verslai-kvieciami-nemokamai-prisistatyti-socialinio-verslo-prekybos-arkoje\/#article","isPartOf":{"@id":"https:\/\/testsocverslas.inovacijuagentura.lt\/socialiniai-verslai-kvieciami-nemokamai-prisistatyti-socialinio-verslo-prekybos-arkoje\/"},"author":{"name":"Simona Uvarovait\u0117","@id":"https:\/\/testsocverslas.inovacijuagentura.lt\/#\/schema\/person\/b54258a44b95d68e1e72771195b0954c"},"headline":"Socialiniai verslai kvie\u010diami nemokamai prisistatyti \u201eSocialinio verslo prekybos arkoje\u201c","datePublished":"2021-08-26T12:45:52+00:00","dateModified":"2021-08-30T12:43:38+00:00","mainEntityOfPage":{"@id":"https:\/\/testsocverslas.inovacijuagentura.lt\/socialiniai-verslai-kvieciami-nemokamai-prisistatyti-socialinio-verslo-prekybos-arkoje\/"},"wordCount":219,"commentCount":0,"publisher":{"@id":"https:\/\/testsocverslas.inovacijuagentura.lt\/#organization"},"image":{"@id":"https:\/\/testsocverslas.inovacijuagentura.lt\/socialiniai-verslai-kvieciami-nemokamai-prisistatyti-socialinio-verslo-prekybos-arkoje\/#primaryimage"},"thumbnailUrl":"https:\/\/testsocverslas.inovacijuagentura.lt\/wp-content\/uploads\/2021\/08\/shutterstock_1395392480-1.jpg","inLanguage":"en-US","potentialAction":[{"@type":"CommentAction","name":"Comment","target":["https:\/\/testsocverslas.inovacijuagentura.lt\/socialiniai-verslai-kvieciami-nemokamai-prisistatyti-socialinio-verslo-prekybos-arkoje\/#respond"]}]},{"@type":"WebPage","@id":"https:\/\/testsocverslas.inovacijuagentura.lt\/socialiniai-verslai-kvieciami-nemokamai-prisistatyti-socialinio-verslo-prekybos-arkoje\/","url":"https:\/\/testsocverslas.inovacijuagentura.lt\/socialiniai-verslai-kvieciami-nemokamai-prisistatyti-socialinio-verslo-prekybos-arkoje\/","name":"Socialiniai verslai kvie\u010diami nemokamai prisistatyti \u201eSocialinio verslo prekybos arkoje\u201c - Socialinis verslas","isPartOf":{"@id":"https:\/\/testsocverslas.inovacijuagentura.lt\/#website"},"primaryImageOfPage":{"@id":"https:\/\/testsocverslas.inovacijuagentura.lt\/socialiniai-verslai-kvieciami-nemokamai-prisistatyti-socialinio-verslo-prekybos-arkoje\/#primaryimage"},"image":{"@id":"https:\/\/testsocverslas.inovacijuagentura.lt\/socialiniai-verslai-kvieciami-nemokamai-prisistatyti-socialinio-verslo-prekybos-arkoje\/#primaryimage"},"thumbnailUrl":"https:\/\/testsocverslas.inovacijuagentura.lt\/wp-content\/uploads\/2021\/08\/shutterstock_1395392480-1.jpg","datePublished":"2021-08-26T12:45:52+00:00","dateModified":"2021-08-30T12:43:38+00:00","breadcrumb":{"@id":"https:\/\/testsocverslas.inovacijuagentura.lt\/socialiniai-verslai-kvieciami-nemokamai-prisistatyti-socialinio-verslo-prekybos-arkoje\/#breadcrumb"},"inLanguage":"en-US","potentialAction":[{"@type":"ReadAction","target":["https:\/\/testsocverslas.inovacijuagentura.lt\/socialiniai-verslai-kvieciami-nemokamai-prisistatyti-socialinio-verslo-prekybos-arkoje\/"]}]},{"@type":"ImageObject","inLanguage":"en-US","@id":"https:\/\/testsocverslas.inovacijuagentura.lt\/socialiniai-verslai-kvieciami-nemokamai-prisistatyti-socialinio-verslo-prekybos-arkoje\/#primaryimage","url":"https:\/\/testsocverslas.inovacijuagentura.lt\/wp-content\/uploads\/2021\/08\/shutterstock_1395392480-1.jpg","contentUrl":"https:\/\/testsocverslas.inovacijuagentura.lt\/wp-content\/uploads\/2021\/08\/shutterstock_1395392480-1.jpg","width":1000,"height":667},{"@type":"BreadcrumbList","@id":"https:\/\/testsocverslas.inovacijuagentura.lt\/socialiniai-verslai-kvieciami-nemokamai-prisistatyti-socialinio-verslo-prekybos-arkoje\/#breadcrumb","itemListElement":[{"@type":"ListItem","position":1,"name":"Home","item":"https:\/\/testsocverslas.inovacijuagentura.lt\/"},{"@type":"ListItem","position":2,"name":"Socialiniai verslai kvie\u010diami nemokamai prisistatyti \u201eSocialinio verslo prekybos arkoje\u201c"}]},{"@type":"WebSite","@id":"https:\/\/testsocverslas.inovacijuagentura.lt\/#website","url":"https:\/\/testsocverslas.inovacijuagentura.lt\/","name":"Social Enterprise","description":"","publisher":{"@id":"https:\/\/testsocverslas.inovacijuagentura.lt\/#organization"},"potentialAction":[{"@type":"SearchAction","target":{"@type":"EntryPoint","urlTemplate":"https:\/\/testsocverslas.inovacijuagentura.lt\/?s={search_term_string}"},"query-input":{"@type":"PropertyValueSpecification","valueRequired":true,"valueName":"search_term_string"}}],"inLanguage":"en-US"},{"@type":"Organization","@id":"https:\/\/testsocverslas.inovacijuagentura.lt\/#organization","name":"Social Enterprise","url":"https:\/\/testsocverslas.inovacijuagentura.lt\/","logo":{"@type":"ImageObject","inLanguage":"en-US","@id":"https:\/\/testsocverslas.inovacijuagentura.lt\/#\/schema\/logo\/image\/","url":"https:\/\/socialinisverslas.verslilietuva.lt\/wp-content\/uploads\/2020\/12\/turiuversla.png","contentUrl":"https:\/\/socialinisverslas.verslilietuva.lt\/wp-content\/uploads\/2020\/12\/turiuversla.png","width":418,"height":406,"caption":"Socialinis verslas"},"image":{"@id":"https:\/\/testsocverslas.inovacijuagentura.lt\/#\/schema\/logo\/image\/"}},{"@type":"Person","@id":"https:\/\/testsocverslas.inovacijuagentura.lt\/#\/schema\/person\/b54258a44b95d68e1e72771195b0954c","name":"Simona Uvarovait\u0117"}]}},"_links":{"self":[{"href":"https:\/\/testsocverslas.inovacijuagentura.lt\/en\/wp-json\/wp\/v2\/posts\/2376","targetHints":{"allow":["GET"]}}],"collection":[{"href":"https:\/\/testsocverslas.inovacijuagentura.lt\/en\/wp-json\/wp\/v2\/posts"}],"about":[{"href":"https:\/\/testsocverslas.inovacijuagentura.lt\/en\/wp-json\/wp\/v2\/types\/post"}],"author":[{"embeddable":true,"href":"https:\/\/testsocverslas.inovacijuagentura.lt\/en\/wp-json\/wp\/v2\/users\/307"}],"replies":[{"embeddable":true,"href":"https:\/\/testsocverslas.inovacijuagentura.lt\/en\/wp-json\/wp\/v2\/comments?post=2376"}],"version-history":[{"count":6,"href":"https:\/\/testsocverslas.inovacijuagentura.lt\/en\/wp-json\/wp\/v2\/posts\/2376\/revisions"}],"predecessor-version":[{"id":2385,"href":"https:\/\/testsocverslas.inovacijuagentura.lt\/en\/wp-json\/wp\/v2\/posts\/2376\/revisions\/2385"}],"wp:featuredmedia":[{"embeddable":true,"href":"https:\/\/testsocverslas.inovacijuagentura.lt\/en\/wp-json\/wp\/v2\/media\/2377"}],"wp:attachment":[{"href":"https:\/\/testsocverslas.inovacijuagentura.lt\/en\/wp-json\/wp\/v2\/media?parent=2376"}],"wp:term":[{"taxonomy":"category","embeddable":true,"href":"https:\/\/testsocverslas.inovacijuagentura.lt\/en\/wp-json\/wp\/v2\/categories?post=2376"},{"taxonomy":"post_tag","embeddable":true,"href":"https:\/\/testsocverslas.inovacijuagentura.lt\/en\/wp-json\/wp\/v2\/tags?post=2376"}],"curies":[{"name":"wp","href":"https:\/\/api.w.org\/{rel}","templated":true}]}}