{"id":2201,"date":"2021-07-19T14:14:13","date_gmt":"2021-07-19T12:14:13","guid":{"rendered":"https:\/\/socialinisverslas.inovacijuagentura.lt\/?p=2201"},"modified":"2021-07-19T14:14:13","modified_gmt":"2021-07-19T12:14:13","slug":"ijungti-poveiki-visuomenes-problemas-gali-padeti-isspresti-socialinis-verslas","status":"publish","type":"post","link":"https:\/\/testsocverslas.inovacijuagentura.lt\/en\/ijungti-poveiki-visuomenes-problemas-gali-padeti-isspresti-socialinis-verslas\/","title":{"rendered":"\u012ejungti poveik\u012f: visuomen\u0117s problemas gali pad\u0117ti i\u0161spr\u0119sti socialinis verslas"},"content":{"rendered":"<p><strong>\u0160\u012f savaitgal\u012f vykusiame \u201e\u012ejunk poveik\u012f\u201c socialinio verslo sprinte susib\u016br\u0117 Panev\u0117\u017eio apskrities socialiniai verslininkai, kurie beveik 3 dienas intensyviai tobulino savo socialini\u0173 versl\u0173 id\u0117jas ir verslo modelius. \u0160iose k\u016brybin\u0117se dirbtuv\u0117se dalyvavusi \u201eD\u016b\u0161ios\u201c komanda, kuri pristat\u0117 santyki\u0173 gerinimo \u017eaidim\u0105, buvo pripa\u017einta stipriausia ir turin\u010dia did\u017eiausi\u0105 potencial\u0105 daryti teigiam\u0105 poveik\u012f visuomenei. Komanda pateko \u012f antr\u0105j\u012f etap\u0105, kuriame toliau stiprins savo socialin\u012f versl\u0105 ir gaus net 15 000 eur\u0173 vert\u0117s finansin\u012f krep\u0161el\u012f ekspert\u0173 konsultacijoms ir reikalingai \u012frangai \u012fsigyti.<\/strong><\/p>\n\n\n\n<p>\u0160iemet \u012f Panev\u0117\u017eyje vykus\u012f \u201e\u012ejunk poveik\u012f\u201d socialinio verslo sprint\u0105 u\u017esiregistravo per 20\u202fpotenciali\u0173 Panev\u0117\u017eio apskrities socialini\u0173 versl\u0173, i\u0161 kuri\u0173\u202fbuvo atrinkta 12 komand\u0173, kuri\u0173 planuojamas socialinis poveikis pasirod\u0117 did\u017eiausias.\u202fVis\u0105 savaitgal\u012f\u202fsocialinio verslo sprinto dalyvius konsultavo\u202f20\u202f\u012fvairi\u0173 sri\u010di\u0173 ekspert\u0173, pad\u0117jusi\u0173 socialiniams verslininkams patobulinti j\u0173 kuriamus produktus ir paslaugas.<\/p>\n\n\n\n<p>\u201eSocialinio verslo sprintas vyksta jau tre\u010di\u0105j\u012f kart\u0105 ir \u012f \u0161iuos renginius sub\u016br\u0117me de\u0161imtis socialini\u0173 verslinink\u0173 ir kit\u0173 \u017emoni\u0173, norin\u010di\u0173 kurti teigiam\u0105 poveik\u012f visuomenei. M\u016bs\u0173 tikslas \u2013 paskatinti socialini\u0173 versl\u0173 k\u016brim\u0105si, kadangi tokio tipo verslo modelis yra vienas efektyviausi\u0173 b\u016bd\u0173 sprend\u017eiant visuomen\u0117s problemas ir socialines krizes. Tikiu, jog \u0161\u012f savaitgal\u012f i\u0161tobulintos socialini\u0173 versl\u0173 id\u0117jos toliau bus vystomos ir pad\u0117s siekti teigiam\u0173 socialini\u0173 poky\u010di\u0173\u201c, \u2013 sako Simona \u0160imulyt\u0117, renginio organizator\u0117, Europos socialinio verslumo ugdymo ir inovatyvi\u0173 studij\u0173 instituto vadov\u0117, \u201eChangeMakers\u2018ON\u201c iniciator\u0117.<\/p>\n\n\n\n<p>Kaip \u201eVersli Lietuva\u201c Verslumo departamento direktor\u0117 Inga Juozapavi\u010dien\u0117 pa\u017eymi, dabartiniu pandemijos laikotarpiu socialinis verslas yra ypa\u010d svarbus.<\/p>\n\n\n\n<p>\u201eSocialiniai verslininkai ne tik pasi\u016blo teigiam\u0105 poveik\u012f visuomenei daran\u010dius sprendimus, bet ie\u0161kodami nauj\u0173 b\u016bd\u0173, kaip i\u0161spr\u0119sti socialines problemas, diegia inovacijas, kuri\u0173 \u0161iuo metu ypatingai reikia\u201c, \u2013 sako I. Juozapavi\u010dien\u0117.<\/p>\n\n\n\n<p>Socialinio verslo sprinte dalyvav\u0119 socialiniai verslai pasi\u016bl\u0117 \u012fvairias id\u0117jas, kaip spr\u0119sti visuomen\u0117s problemas. Komandos pristat\u0117 sprendimus negali\u0105 turintiems vaikams, rado b\u016bd\u0105, kaip padidinti moksleivi\u0173 u\u017eimtum\u0105, spr\u0119sti tarpusavio santyki\u0173 ir ekologines problemas.<\/p>\n\n\n\n<p>Sprint\u0105 laim\u0117jusi komanda \u201eD\u016b\u0161ios\u201c suk\u016br\u0117 \u017eaidim\u0105, kuris santykiuose esantiems \u017emon\u0117ms padeda atvirai kalb\u0117tis apie jausmus, poreikius, prisideda prie emocinio intelekto ugdymo. \u017daidimas leid\u017eia pa\u017einti savo artim\u0105 bei suprasti, kaip partneriai mato vienas kit\u0105. \u017daidimas skirtas ne tik poroms \u2013 jis gali pad\u0117ti palaikyti ir u\u017emegzti artimus santykius su t\u0117vais, draugais ar vaikais.<\/p>\n\n\n\n<p>Prie \u0161ios komandos tiksl\u0173 \u012fgyvendinimo prisid\u0117s ne tik 15 t\u016bkst. eur\u0173 parama, skirta konsultacijoms ir reikiamai \u012frangai \u012fsigyti, bet ir \u201eGeri norai\u201c organizacija, kuri kitame projekto etape pad\u0117s komandai \u012fveikti kylan\u010dius i\u0161\u0161\u016bkius.<\/p>\n\n\n\n<p>\u201e\u0160i\u0173 k\u016brybini\u0173 dirbtuvi\u0173 metu gim\u0117 ar savo id\u0117jas i\u0161sigrynino ne vienas puikus socialinis verslas, sprend\u017eiantis tokias problemas, kaip negali\u0105 turin\u010di\u0173 \u017emoni\u0173 atskirtis, jaunimo u\u017eimtumas kaimo vietov\u0117se ar \u0161vietimo paslaug\u0173 prieinamumas. Socialini\u0173 versl\u0173 k\u016br\u0117jai kei\u010dia m\u016bs\u0173 visuomen\u0119, o \u012fgyvendin\u0119 visas projektuose numatytas veiklas, Lietuvoje tur\u0117sime kur kas daugiau poveik\u012f kurian\u010di\u0173 versl\u0173\u201c, \u2013 teig\u0117 \u201eGeri norai\u201c vadov\u0117 Jurgita Ribinskait\u0117\u2013Glatzer.<\/p>\n\n\n\n<p>Socialinio verslo sprinto finalo metu specialiais prizais buvo apdovanotos dar dvi komandos \u2013 \u201eLink\u0117jim\u0173 atelj\u0117\u201c ir \u201eSignSign\u201c.<\/p>\n\n\n\n<p>\u201eLink\u0117jim\u0173 atelj\u0117\u201c \u2013 tai dirbtuvi\u0173 erdv\u0117, kurioje ne\u012fgal\u016bs vaikai \u012ftraukiami \u012f rank\u0173 darbo dovan\u0173 ir sveikinim\u0173 gaminimo veikl\u0105. Taip praturtinamas negali\u0105 turin\u010di\u0173 vaik\u0173 laisvalaikis bei ma\u017einama \u0161ios socialin\u0117s grup\u0117s atskirtis. \u201eLink\u0117jim\u0173 atelj\u0117\u201c laim\u0117jo 10 valand\u0173 trukm\u0117s konsultacij\u0173 su \u201eChangeMakers\u2018ON\u201c paket\u0105.<\/p>\n\n\n\n<p>\u201eSignSign\u201c komanda pasi\u016bl\u0117 sukurti mobil\u0173 patyrimo kambar\u012f, leid\u017eiant\u012f pajausti, k\u0105 rei\u0161kia kurtumas, bei pristat\u0117 kit\u0173 id\u0117j\u0173, kaip visuomen\u0119 edukuoti apie kurtumo negali\u0105. \u201eChangeMakers\u2018ON\u201c \u0161iai komandai suteik\u0117 galimyb\u0119 be papildomos atrankos dalyvauti \u201eSocial Entrepreneurship Seeds\u201c projekte, kurio metu keturiose pasaulio \u0161alyse vyks special\u016bs socialiniams verslininkams skirti mokymai.<\/p>\n\n\n\n<p>Dabar vyksta atranka \u012f Klaip\u0117doje organizuojam\u0105 socialinio verslo sprint\u0105. \u0160iose k\u016brybin\u0117se dirbtuv\u0117se gali dalyvauti ne tik socialiniai verslininkai, bet ir visi, turintys socialinio verslo id\u0117j\u0173. Registracija vyksta \u010dia:&nbsp;<a href=\"https:\/\/www.facebook.com\/events\/937445553482008\">https:\/\/www.facebook.com\/events\/937445553482008<\/a><\/p>\n\n\n\n<p>\u0160ie socialinio verslo sprintai yra vienas i\u0161 socialinio verslo k\u016brimosi skatinimo projekt\u0173 etap\u0173. Projektus \u012fgyvendina \u201eVersli Lietuva\u201c kartu su partneriais Europos socialinio verslumo ugdymo ir inovatyvi\u0173 studij\u0173 institutu, \u201eNVO aviliu\u201c ir \u201eGeri norai\u201c. Per dvejus projekt\u0173 veiklos metus siekiama padidinti socialini\u0173 versl\u0173 skai\u010di\u0173 Lietuvoje, ypa\u010d Klaip\u0117dos ir Panev\u0117\u017eio regionuose. Daugiau informacijos apie projektus:&nbsp;<a href=\"http:\/\/ijunkpoveiki.lt\/\">http:\/\/ijunkpoveiki.lt\/<\/a><\/p>","protected":false},"excerpt":{"rendered":"<p>\u0160\u012f savaitgal\u012f vykusiame \u201e\u012ejunk poveik\u012f\u201c socialinio verslo sprinte susib\u016br\u0117 Panev\u0117\u017eio apskrities socialiniai verslininkai, kurie beveik 3 dienas intensyviai tobulino savo socialini\u0173 versl\u0173 id\u0117jas ir verslo modelius. \u0160iose k\u016brybin\u0117se dirbtuv\u0117se dalyvavusi \u201eD\u016b\u0161ios\u201c komanda, kuri pristat\u0117 santyki\u0173 gerinimo \u017eaidim\u0105, buvo pripa\u017einta stipriausia ir turin\u010dia did\u017eiausi\u0105 potencial\u0105 daryti teigiam\u0105 poveik\u012f visuomenei. Komanda pateko \u012f antr\u0105j\u012f etap\u0105, kuriame toliau&hellip;<a href=\"https:\/\/testsocverslas.inovacijuagentura.lt\/en\/ijungti-poveiki-visuomenes-problemas-gali-padeti-isspresti-socialinis-verslas\/\" class=\"more-link\"><span>Continue reading<\/span><span class=\"screen-reader-text\">\u012ejungti poveik\u012f: visuomen\u0117s problemas gali pad\u0117ti i\u0161spr\u0119sti socialinis verslas<\/span><\/a><\/p>","protected":false},"author":307,"featured_media":2202,"comment_status":"open","ping_status":"open","sticky":false,"template":"","format":"standard","meta":{"footnotes":""},"categories":[1],"tags":[],"class_list":["post-2201","post","type-post","status-publish","format-standard","has-post-thumbnail","hentry","category-uncategorized","tw-post-no-content","tw-post-has-image-1-1"],"yoast_head":"<!-- This site is optimized with the Yoast SEO plugin v27.3 - https:\/\/yoast.com\/product\/yoast-seo-wordpress\/ -->\n<title>\u012ejungti poveik\u012f: visuomen\u0117s problemas gali pad\u0117ti i\u0161spr\u0119sti socialinis verslas - Socialinis verslas<\/title>\n<meta name=\"robots\" content=\"noindex, follow, max-snippet:-1, max-image-preview:large, max-video-preview:-1\" \/>\n<meta property=\"og:locale\" content=\"en_US\" \/>\n<meta property=\"og:type\" content=\"article\" \/>\n<meta property=\"og:title\" content=\"\u012ejungti poveik\u012f: visuomen\u0117s problemas gali pad\u0117ti i\u0161spr\u0119sti socialinis verslas - Socialinis verslas\" \/>\n<meta property=\"og:description\" content=\"\u0160\u012f savaitgal\u012f vykusiame \u201e\u012ejunk poveik\u012f\u201c socialinio verslo sprinte susib\u016br\u0117 Panev\u0117\u017eio apskrities socialiniai verslininkai, kurie beveik 3 dienas intensyviai tobulino savo socialini\u0173 versl\u0173 id\u0117jas ir verslo modelius. \u0160iose k\u016brybin\u0117se dirbtuv\u0117se dalyvavusi \u201eD\u016b\u0161ios\u201c komanda, kuri pristat\u0117 santyki\u0173 gerinimo \u017eaidim\u0105, buvo pripa\u017einta stipriausia ir turin\u010dia did\u017eiausi\u0105 potencial\u0105 daryti teigiam\u0105 poveik\u012f visuomenei. Komanda pateko \u012f antr\u0105j\u012f etap\u0105, kuriame toliau&hellip;Continue reading\u012ejungti poveik\u012f: visuomen\u0117s problemas gali pad\u0117ti i\u0161spr\u0119sti socialinis verslas\" \/>\n<meta property=\"og:url\" content=\"https:\/\/testsocverslas.inovacijuagentura.lt\/en\/ijungti-poveiki-visuomenes-problemas-gali-padeti-isspresti-socialinis-verslas\/\" \/>\n<meta property=\"og:site_name\" content=\"Socialinis verslas\" \/>\n<meta property=\"article:published_time\" content=\"2021-07-19T12:14:13+00:00\" \/>\n<meta property=\"og:image\" content=\"https:\/\/testsocverslas.inovacijuagentura.lt\/wp-content\/uploads\/2021\/07\/22-min-scaled.jpg\" \/>\n\t<meta property=\"og:image:width\" content=\"2560\" \/>\n\t<meta property=\"og:image:height\" content=\"1707\" \/>\n\t<meta property=\"og:image:type\" content=\"image\/jpeg\" \/>\n<meta name=\"author\" content=\"Simona Uvarovait\u0117\" \/>\n<meta name=\"twitter:card\" content=\"summary_large_image\" \/>\n<meta name=\"twitter:label1\" content=\"Written by\" \/>\n\t<meta name=\"twitter:data1\" content=\"Simona Uvarovait\u0117\" \/>\n\t<meta name=\"twitter:label2\" content=\"Est. reading time\" \/>\n\t<meta name=\"twitter:data2\" content=\"3 minutes\" \/>\n<script type=\"application\/ld+json\" class=\"yoast-schema-graph\">{\"@context\":\"https:\\\/\\\/schema.org\",\"@graph\":[{\"@type\":\"Article\",\"@id\":\"https:\\\/\\\/testsocverslas.inovacijuagentura.lt\\\/en\\\/ijungti-poveiki-visuomenes-problemas-gali-padeti-isspresti-socialinis-verslas\\\/#article\",\"isPartOf\":{\"@id\":\"https:\\\/\\\/testsocverslas.inovacijuagentura.lt\\\/en\\\/ijungti-poveiki-visuomenes-problemas-gali-padeti-isspresti-socialinis-verslas\\\/\"},\"author\":{\"name\":\"Simona Uvarovait\u0117\",\"@id\":\"https:\\\/\\\/testsocverslas.inovacijuagentura.lt\\\/#\\\/schema\\\/person\\\/b54258a44b95d68e1e72771195b0954c\"},\"headline\":\"\u012ejungti poveik\u012f: visuomen\u0117s problemas gali pad\u0117ti i\u0161spr\u0119sti socialinis verslas\",\"datePublished\":\"2021-07-19T12:14:13+00:00\",\"mainEntityOfPage\":{\"@id\":\"https:\\\/\\\/testsocverslas.inovacijuagentura.lt\\\/en\\\/ijungti-poveiki-visuomenes-problemas-gali-padeti-isspresti-socialinis-verslas\\\/\"},\"wordCount\":713,\"commentCount\":0,\"publisher\":{\"@id\":\"https:\\\/\\\/testsocverslas.inovacijuagentura.lt\\\/#organization\"},\"image\":{\"@id\":\"https:\\\/\\\/testsocverslas.inovacijuagentura.lt\\\/en\\\/ijungti-poveiki-visuomenes-problemas-gali-padeti-isspresti-socialinis-verslas\\\/#primaryimage\"},\"thumbnailUrl\":\"https:\\\/\\\/testsocverslas.inovacijuagentura.lt\\\/wp-content\\\/uploads\\\/2021\\\/07\\\/22-min-scaled.jpg\",\"inLanguage\":\"en-US\",\"potentialAction\":[{\"@type\":\"CommentAction\",\"name\":\"Comment\",\"target\":[\"https:\\\/\\\/testsocverslas.inovacijuagentura.lt\\\/en\\\/ijungti-poveiki-visuomenes-problemas-gali-padeti-isspresti-socialinis-verslas\\\/#respond\"]}]},{\"@type\":\"WebPage\",\"@id\":\"https:\\\/\\\/testsocverslas.inovacijuagentura.lt\\\/en\\\/ijungti-poveiki-visuomenes-problemas-gali-padeti-isspresti-socialinis-verslas\\\/\",\"url\":\"https:\\\/\\\/testsocverslas.inovacijuagentura.lt\\\/en\\\/ijungti-poveiki-visuomenes-problemas-gali-padeti-isspresti-socialinis-verslas\\\/\",\"name\":\"\u012ejungti poveik\u012f: visuomen\u0117s problemas gali pad\u0117ti i\u0161spr\u0119sti socialinis verslas - Socialinis verslas\",\"isPartOf\":{\"@id\":\"https:\\\/\\\/testsocverslas.inovacijuagentura.lt\\\/#website\"},\"primaryImageOfPage\":{\"@id\":\"https:\\\/\\\/testsocverslas.inovacijuagentura.lt\\\/en\\\/ijungti-poveiki-visuomenes-problemas-gali-padeti-isspresti-socialinis-verslas\\\/#primaryimage\"},\"image\":{\"@id\":\"https:\\\/\\\/testsocverslas.inovacijuagentura.lt\\\/en\\\/ijungti-poveiki-visuomenes-problemas-gali-padeti-isspresti-socialinis-verslas\\\/#primaryimage\"},\"thumbnailUrl\":\"https:\\\/\\\/testsocverslas.inovacijuagentura.lt\\\/wp-content\\\/uploads\\\/2021\\\/07\\\/22-min-scaled.jpg\",\"datePublished\":\"2021-07-19T12:14:13+00:00\",\"breadcrumb\":{\"@id\":\"https:\\\/\\\/testsocverslas.inovacijuagentura.lt\\\/en\\\/ijungti-poveiki-visuomenes-problemas-gali-padeti-isspresti-socialinis-verslas\\\/#breadcrumb\"},\"inLanguage\":\"en-US\",\"potentialAction\":[{\"@type\":\"ReadAction\",\"target\":[\"https:\\\/\\\/testsocverslas.inovacijuagentura.lt\\\/en\\\/ijungti-poveiki-visuomenes-problemas-gali-padeti-isspresti-socialinis-verslas\\\/\"]}]},{\"@type\":\"ImageObject\",\"inLanguage\":\"en-US\",\"@id\":\"https:\\\/\\\/testsocverslas.inovacijuagentura.lt\\\/en\\\/ijungti-poveiki-visuomenes-problemas-gali-padeti-isspresti-socialinis-verslas\\\/#primaryimage\",\"url\":\"https:\\\/\\\/testsocverslas.inovacijuagentura.lt\\\/wp-content\\\/uploads\\\/2021\\\/07\\\/22-min-scaled.jpg\",\"contentUrl\":\"https:\\\/\\\/testsocverslas.inovacijuagentura.lt\\\/wp-content\\\/uploads\\\/2021\\\/07\\\/22-min-scaled.jpg\",\"width\":2560,\"height\":1707},{\"@type\":\"BreadcrumbList\",\"@id\":\"https:\\\/\\\/testsocverslas.inovacijuagentura.lt\\\/en\\\/ijungti-poveiki-visuomenes-problemas-gali-padeti-isspresti-socialinis-verslas\\\/#breadcrumb\",\"itemListElement\":[{\"@type\":\"ListItem\",\"position\":1,\"name\":\"Home\",\"item\":\"https:\\\/\\\/testsocverslas.inovacijuagentura.lt\\\/\"},{\"@type\":\"ListItem\",\"position\":2,\"name\":\"\u012ejungti poveik\u012f: visuomen\u0117s problemas gali pad\u0117ti i\u0161spr\u0119sti socialinis verslas\"}]},{\"@type\":\"WebSite\",\"@id\":\"https:\\\/\\\/testsocverslas.inovacijuagentura.lt\\\/#website\",\"url\":\"https:\\\/\\\/testsocverslas.inovacijuagentura.lt\\\/\",\"name\":\"Socialinis verslas\",\"description\":\"\",\"publisher\":{\"@id\":\"https:\\\/\\\/testsocverslas.inovacijuagentura.lt\\\/#organization\"},\"potentialAction\":[{\"@type\":\"SearchAction\",\"target\":{\"@type\":\"EntryPoint\",\"urlTemplate\":\"https:\\\/\\\/testsocverslas.inovacijuagentura.lt\\\/?s={search_term_string}\"},\"query-input\":{\"@type\":\"PropertyValueSpecification\",\"valueRequired\":true,\"valueName\":\"search_term_string\"}}],\"inLanguage\":\"en-US\"},{\"@type\":\"Organization\",\"@id\":\"https:\\\/\\\/testsocverslas.inovacijuagentura.lt\\\/#organization\",\"name\":\"Socialinis verslas\",\"url\":\"https:\\\/\\\/testsocverslas.inovacijuagentura.lt\\\/\",\"logo\":{\"@type\":\"ImageObject\",\"inLanguage\":\"en-US\",\"@id\":\"https:\\\/\\\/testsocverslas.inovacijuagentura.lt\\\/#\\\/schema\\\/logo\\\/image\\\/\",\"url\":\"https:\\\/\\\/socialinisverslas.verslilietuva.lt\\\/wp-content\\\/uploads\\\/2020\\\/12\\\/turiuversla.png\",\"contentUrl\":\"https:\\\/\\\/socialinisverslas.verslilietuva.lt\\\/wp-content\\\/uploads\\\/2020\\\/12\\\/turiuversla.png\",\"width\":418,\"height\":406,\"caption\":\"Socialinis verslas\"},\"image\":{\"@id\":\"https:\\\/\\\/testsocverslas.inovacijuagentura.lt\\\/#\\\/schema\\\/logo\\\/image\\\/\"}},{\"@type\":\"Person\",\"@id\":\"https:\\\/\\\/testsocverslas.inovacijuagentura.lt\\\/#\\\/schema\\\/person\\\/b54258a44b95d68e1e72771195b0954c\",\"name\":\"Simona Uvarovait\u0117\"}]}<\/script>\n<!-- \/ Yoast SEO plugin. -->","yoast_head_json":{"title":"\u012ejungti poveik\u012f: visuomen\u0117s problemas gali pad\u0117ti i\u0161spr\u0119sti socialinis verslas - Socialinis verslas","robots":{"index":"noindex","follow":"follow","max-snippet":"max-snippet:-1","max-image-preview":"max-image-preview:large","max-video-preview":"max-video-preview:-1"},"og_locale":"en_US","og_type":"article","og_title":"\u012ejungti poveik\u012f: visuomen\u0117s problemas gali pad\u0117ti i\u0161spr\u0119sti socialinis verslas - Socialinis verslas","og_description":"\u0160\u012f savaitgal\u012f vykusiame \u201e\u012ejunk poveik\u012f\u201c socialinio verslo sprinte susib\u016br\u0117 Panev\u0117\u017eio apskrities socialiniai verslininkai, kurie beveik 3 dienas intensyviai tobulino savo socialini\u0173 versl\u0173 id\u0117jas ir verslo modelius. \u0160iose k\u016brybin\u0117se dirbtuv\u0117se dalyvavusi \u201eD\u016b\u0161ios\u201c komanda, kuri pristat\u0117 santyki\u0173 gerinimo \u017eaidim\u0105, buvo pripa\u017einta stipriausia ir turin\u010dia did\u017eiausi\u0105 potencial\u0105 daryti teigiam\u0105 poveik\u012f visuomenei. Komanda pateko \u012f antr\u0105j\u012f etap\u0105, kuriame toliau&hellip;Continue reading\u012ejungti poveik\u012f: visuomen\u0117s problemas gali pad\u0117ti i\u0161spr\u0119sti socialinis verslas","og_url":"https:\/\/testsocverslas.inovacijuagentura.lt\/en\/ijungti-poveiki-visuomenes-problemas-gali-padeti-isspresti-socialinis-verslas\/","og_site_name":"Socialinis verslas","article_published_time":"2021-07-19T12:14:13+00:00","og_image":[{"width":2560,"height":1707,"url":"https:\/\/testsocverslas.inovacijuagentura.lt\/wp-content\/uploads\/2021\/07\/22-min-scaled.jpg","type":"image\/jpeg"}],"author":"Simona Uvarovait\u0117","twitter_card":"summary_large_image","twitter_misc":{"Written by":"Simona Uvarovait\u0117","Est. reading time":"3 minutes"},"schema":{"@context":"https:\/\/schema.org","@graph":[{"@type":"Article","@id":"https:\/\/testsocverslas.inovacijuagentura.lt\/en\/ijungti-poveiki-visuomenes-problemas-gali-padeti-isspresti-socialinis-verslas\/#article","isPartOf":{"@id":"https:\/\/testsocverslas.inovacijuagentura.lt\/en\/ijungti-poveiki-visuomenes-problemas-gali-padeti-isspresti-socialinis-verslas\/"},"author":{"name":"Simona Uvarovait\u0117","@id":"https:\/\/testsocverslas.inovacijuagentura.lt\/#\/schema\/person\/b54258a44b95d68e1e72771195b0954c"},"headline":"\u012ejungti poveik\u012f: visuomen\u0117s problemas gali pad\u0117ti i\u0161spr\u0119sti socialinis verslas","datePublished":"2021-07-19T12:14:13+00:00","mainEntityOfPage":{"@id":"https:\/\/testsocverslas.inovacijuagentura.lt\/en\/ijungti-poveiki-visuomenes-problemas-gali-padeti-isspresti-socialinis-verslas\/"},"wordCount":713,"commentCount":0,"publisher":{"@id":"https:\/\/testsocverslas.inovacijuagentura.lt\/#organization"},"image":{"@id":"https:\/\/testsocverslas.inovacijuagentura.lt\/en\/ijungti-poveiki-visuomenes-problemas-gali-padeti-isspresti-socialinis-verslas\/#primaryimage"},"thumbnailUrl":"https:\/\/testsocverslas.inovacijuagentura.lt\/wp-content\/uploads\/2021\/07\/22-min-scaled.jpg","inLanguage":"en-US","potentialAction":[{"@type":"CommentAction","name":"Comment","target":["https:\/\/testsocverslas.inovacijuagentura.lt\/en\/ijungti-poveiki-visuomenes-problemas-gali-padeti-isspresti-socialinis-verslas\/#respond"]}]},{"@type":"WebPage","@id":"https:\/\/testsocverslas.inovacijuagentura.lt\/en\/ijungti-poveiki-visuomenes-problemas-gali-padeti-isspresti-socialinis-verslas\/","url":"https:\/\/testsocverslas.inovacijuagentura.lt\/en\/ijungti-poveiki-visuomenes-problemas-gali-padeti-isspresti-socialinis-verslas\/","name":"\u012ejungti poveik\u012f: visuomen\u0117s problemas gali pad\u0117ti i\u0161spr\u0119sti socialinis verslas - Socialinis verslas","isPartOf":{"@id":"https:\/\/testsocverslas.inovacijuagentura.lt\/#website"},"primaryImageOfPage":{"@id":"https:\/\/testsocverslas.inovacijuagentura.lt\/en\/ijungti-poveiki-visuomenes-problemas-gali-padeti-isspresti-socialinis-verslas\/#primaryimage"},"image":{"@id":"https:\/\/testsocverslas.inovacijuagentura.lt\/en\/ijungti-poveiki-visuomenes-problemas-gali-padeti-isspresti-socialinis-verslas\/#primaryimage"},"thumbnailUrl":"https:\/\/testsocverslas.inovacijuagentura.lt\/wp-content\/uploads\/2021\/07\/22-min-scaled.jpg","datePublished":"2021-07-19T12:14:13+00:00","breadcrumb":{"@id":"https:\/\/testsocverslas.inovacijuagentura.lt\/en\/ijungti-poveiki-visuomenes-problemas-gali-padeti-isspresti-socialinis-verslas\/#breadcrumb"},"inLanguage":"en-US","potentialAction":[{"@type":"ReadAction","target":["https:\/\/testsocverslas.inovacijuagentura.lt\/en\/ijungti-poveiki-visuomenes-problemas-gali-padeti-isspresti-socialinis-verslas\/"]}]},{"@type":"ImageObject","inLanguage":"en-US","@id":"https:\/\/testsocverslas.inovacijuagentura.lt\/en\/ijungti-poveiki-visuomenes-problemas-gali-padeti-isspresti-socialinis-verslas\/#primaryimage","url":"https:\/\/testsocverslas.inovacijuagentura.lt\/wp-content\/uploads\/2021\/07\/22-min-scaled.jpg","contentUrl":"https:\/\/testsocverslas.inovacijuagentura.lt\/wp-content\/uploads\/2021\/07\/22-min-scaled.jpg","width":2560,"height":1707},{"@type":"BreadcrumbList","@id":"https:\/\/testsocverslas.inovacijuagentura.lt\/en\/ijungti-poveiki-visuomenes-problemas-gali-padeti-isspresti-socialinis-verslas\/#breadcrumb","itemListElement":[{"@type":"ListItem","position":1,"name":"Home","item":"https:\/\/testsocverslas.inovacijuagentura.lt\/"},{"@type":"ListItem","position":2,"name":"\u012ejungti poveik\u012f: visuomen\u0117s problemas gali pad\u0117ti i\u0161spr\u0119sti socialinis verslas"}]},{"@type":"WebSite","@id":"https:\/\/testsocverslas.inovacijuagentura.lt\/#website","url":"https:\/\/testsocverslas.inovacijuagentura.lt\/","name":"Social Enterprise","description":"","publisher":{"@id":"https:\/\/testsocverslas.inovacijuagentura.lt\/#organization"},"potentialAction":[{"@type":"SearchAction","target":{"@type":"EntryPoint","urlTemplate":"https:\/\/testsocverslas.inovacijuagentura.lt\/?s={search_term_string}"},"query-input":{"@type":"PropertyValueSpecification","valueRequired":true,"valueName":"search_term_string"}}],"inLanguage":"en-US"},{"@type":"Organization","@id":"https:\/\/testsocverslas.inovacijuagentura.lt\/#organization","name":"Social Enterprise","url":"https:\/\/testsocverslas.inovacijuagentura.lt\/","logo":{"@type":"ImageObject","inLanguage":"en-US","@id":"https:\/\/testsocverslas.inovacijuagentura.lt\/#\/schema\/logo\/image\/","url":"https:\/\/socialinisverslas.verslilietuva.lt\/wp-content\/uploads\/2020\/12\/turiuversla.png","contentUrl":"https:\/\/socialinisverslas.verslilietuva.lt\/wp-content\/uploads\/2020\/12\/turiuversla.png","width":418,"height":406,"caption":"Socialinis verslas"},"image":{"@id":"https:\/\/testsocverslas.inovacijuagentura.lt\/#\/schema\/logo\/image\/"}},{"@type":"Person","@id":"https:\/\/testsocverslas.inovacijuagentura.lt\/#\/schema\/person\/b54258a44b95d68e1e72771195b0954c","name":"Simona Uvarovait\u0117"}]}},"_links":{"self":[{"href":"https:\/\/testsocverslas.inovacijuagentura.lt\/en\/wp-json\/wp\/v2\/posts\/2201","targetHints":{"allow":["GET"]}}],"collection":[{"href":"https:\/\/testsocverslas.inovacijuagentura.lt\/en\/wp-json\/wp\/v2\/posts"}],"about":[{"href":"https:\/\/testsocverslas.inovacijuagentura.lt\/en\/wp-json\/wp\/v2\/types\/post"}],"author":[{"embeddable":true,"href":"https:\/\/testsocverslas.inovacijuagentura.lt\/en\/wp-json\/wp\/v2\/users\/307"}],"replies":[{"embeddable":true,"href":"https:\/\/testsocverslas.inovacijuagentura.lt\/en\/wp-json\/wp\/v2\/comments?post=2201"}],"version-history":[{"count":1,"href":"https:\/\/testsocverslas.inovacijuagentura.lt\/en\/wp-json\/wp\/v2\/posts\/2201\/revisions"}],"predecessor-version":[{"id":2203,"href":"https:\/\/testsocverslas.inovacijuagentura.lt\/en\/wp-json\/wp\/v2\/posts\/2201\/revisions\/2203"}],"wp:featuredmedia":[{"embeddable":true,"href":"https:\/\/testsocverslas.inovacijuagentura.lt\/en\/wp-json\/wp\/v2\/media\/2202"}],"wp:attachment":[{"href":"https:\/\/testsocverslas.inovacijuagentura.lt\/en\/wp-json\/wp\/v2\/media?parent=2201"}],"wp:term":[{"taxonomy":"category","embeddable":true,"href":"https:\/\/testsocverslas.inovacijuagentura.lt\/en\/wp-json\/wp\/v2\/categories?post=2201"},{"taxonomy":"post_tag","embeddable":true,"href":"https:\/\/testsocverslas.inovacijuagentura.lt\/en\/wp-json\/wp\/v2\/tags?post=2201"}],"curies":[{"name":"wp","href":"https:\/\/api.w.org\/{rel}","templated":true}]}}